{"id":233,"count":4,"description":"[video width=\"1920\" height=\"1080\" mp4=\"https:\/\/2026.protech.nu\/wp-content\/uploads\/2026\/01\/Slim-line-Cordless-Rachet-Ideal-for-Tight-Spaces.mp4\" autoplay=\"true\"][\/video]\r\n\r\n&nbsp;\r\n\r\n<strong>Ingersoll Rand IQV20\u2122 akkuk\u00e4ytt\u00f6iset r\u00e4ikk\u00e4v\u00e4\u00e4ntimet<\/strong> ovat ammattik\u00e4ytt\u00f6\u00f6n suunniteltuja 20 V kiinnitysty\u00f6kaluja, jotka on kehitetty ty\u00f6skentelyyn ahtaissa ja vaikeap\u00e4\u00e4syisiss\u00e4 kohteissa, joissa perinteiset iskev\u00e4t mutterinv\u00e4\u00e4ntimet tai k\u00e4sity\u00f6kalut eiv\u00e4t ole k\u00e4yt\u00e4nn\u00f6llisi\u00e4. Kompakti rakenne, tarkka hallinta ja korkea luotettavuus tekev\u00e4t niist\u00e4 v\u00e4ltt\u00e4m\u00e4tt\u00f6m\u00e4n ty\u00f6kalun ajoneuvohuollossa, raskaan kaluston kunnossapidossa ja teollisissa huoltoteht\u00e4viss\u00e4.\r\n\r\nAkkuk\u00e4ytt\u00f6iset r\u00e4ikk\u00e4v\u00e4\u00e4ntimet kuuluvat <strong>Ingersoll Rand IQV20\u2122 -akkuj\u00e4rjestelm\u00e4\u00e4n<\/strong>, mik\u00e4 mahdollistaa samojen 20 V litiumioniakkujen ja latureiden k\u00e4yt\u00f6n koko ty\u00f6kalukannassa \u2013 mukaan lukien iskev\u00e4t mutterinv\u00e4\u00e4ntimet, porakoneet, hiomakoneet, kiillotuskoneet, rasvapr\u00e4ssit ja muut IQV20\u2122-sarjan ty\u00f6kalut. Yhten\u00e4inen akkuj\u00e4rjestelm\u00e4 v\u00e4hent\u00e4\u00e4 seisokkiaikaa, yksinkertaistaa logistiikkaa ja alentaa kokonaiskustannuksia.\r\n\r\nIQV20\u2122-r\u00e4ikk\u00e4v\u00e4\u00e4ntimet tarjoavat paineilmaty\u00f6kalujen tasoisen k\u00e4ytt\u00f6mukavuuden ilman letkuja ja kompressoria. Akkuk\u00e4ytt\u00f6 parantaa liikkuvuutta, ja todistetusti kest\u00e4v\u00e4 r\u00e4ikk\u00e4p\u00e4\u00e4 \u2013 samaa rakennetta kuin Ingersoll Randin paineilmak\u00e4ytt\u00f6isiss\u00e4 malleissa \u2013 kest\u00e4\u00e4 vaativaa ammattik\u00e4ytt\u00f6\u00e4. T\u00e4ysmetallinen voimansiirto on optimoitu tehokkaaseen v\u00e4\u00e4nt\u00f6momentin siirtoon, kest\u00e4vyyteen ja pitk\u00e4aikaiseen luotettavuuteen.\r\n\r\nKapea slim-line-muotoilu mahdollistaa ty\u00f6skentelyn eritt\u00e4in ahtaissa tiloissa \u2013 jos k\u00e4sivarsi mahtuu, my\u00f6s akkuk\u00e4ytt\u00f6inen r\u00e4ikk\u00e4v\u00e4\u00e4nnin mahtuu. Portaattomasti s\u00e4\u00e4tyv\u00e4 liipaisin ja elektroninen jarru tarjoavat tarkan hallinnan ja parantavat turvallisuutta pys\u00e4ytt\u00e4m\u00e4ll\u00e4 py\u00f6rimisen v\u00e4litt\u00f6m\u00e4sti liipaisimen vapauttamisen j\u00e4lkeen. Vahvistettu metalli- ja komposiittirakenne suojaa sis\u00e4isi\u00e4 komponentteja, ja eritt\u00e4in kest\u00e4v\u00e4 kahva on suunniteltu kest\u00e4m\u00e4\u00e4n manuaalista r\u00e4ikk\u00e4k\u00e4ytt\u00f6\u00e4 ja pulttien avaamista kovassa kuormituksessa.\r\n\r\nIQV20\u2122-akkuk\u00e4ytt\u00f6iset r\u00e4ikk\u00e4v\u00e4\u00e4ntimet ovat yhteensopivia suosittujen ammattimallien kanssa, kuten:\r\n<ul>\r\n \t<li><strong>R3150 akkuk\u00e4ytt\u00f6inen r\u00e4ikk\u00e4v\u00e4\u00e4nnin<\/strong> \u2013 kompakti rakenne ja luotettava suorituskyky huolto- ja kunnossapitot\u00f6ihin<\/li>\r\n \t<li><strong>R3130 akkuk\u00e4ytt\u00f6inen r\u00e4ikk\u00e4v\u00e4\u00e4nnin<\/strong> \u2013 erinomainen valinta eritt\u00e4in ahtaisiin tiloihin, tarkka hallinta ja kest\u00e4v\u00e4 r\u00e4ikk\u00e4p\u00e4\u00e4<\/li>\r\n<\/ul>\r\n<h3>Keskeiset edut<\/h3>\r\n<ul>\r\n \t<li><strong>Akkuk\u00e4ytt\u00f6inen vapaus<\/strong> \u2013 ei ilmaletkuja eik\u00e4 kompressoria<\/li>\r\n \t<li><strong>Kompakti slim-line-muotoilu<\/strong> \u2013 ihanteellinen piilossa oleviin ja vaikeap\u00e4\u00e4syisiin kiinnityspisteisiin<\/li>\r\n \t<li><strong>Tarkka hallinta<\/strong> \u2013 portaattomasti s\u00e4\u00e4tyv\u00e4 nopeus ja elektroninen jarru<\/li>\r\n \t<li><strong>IQV20\u2122-alusta<\/strong> \u2013 yksi akku koko Ingersoll Randin 20 V -ty\u00f6kalusarjalle<\/li>\r\n \t<li><strong>Ammattitason kest\u00e4vyys<\/strong> \u2013 suunniteltu p\u00e4ivitt\u00e4iseen k\u00e4ytt\u00f6\u00f6n vaativissa olosuhteissa<\/li>\r\n<\/ul>\r\n<h3>K\u00e4ytt\u00f6kohteet<\/h3>\r\n<ul>\r\n \t<li>Autokorjaamot ja rengaspalvelut<\/li>\r\n \t<li>Kuorma-autojen, linja-autojen ja maatalouskoneiden huolto<\/li>\r\n \t<li>Teollinen kunnossapito ja tuotantolinjat<\/li>\r\n \t<li>Ammattik\u00e4ytt\u00e4j\u00e4t, jotka tarvitsevat kompaktin ja tarkan kiinnitysty\u00f6kalun<\/li>\r\n<\/ul>\r\n<strong>Lataa IQV20\u2122-tuotekatalogi:<\/strong>\r\n<div style=\"margin: 0 0 10px 0\"><a style=\"display: inline-block;padding: 10px 16px;border: 2px solid #E14A2D;border-radius: 4px;text-decoration: none;font-weight: 600;color: #e14a2d\" href=\"https:\/\/2026.protech.nu\/wp-content\/uploads\/2025\/09\/ingersoll-rand-iqv20-cordless-tools-catalog.pdf\" target=\"_blank\" rel=\"noopener\">Ingersoll Rand IQV20\u2122 Cordless Tools \u2013 Product Catalog (EN)\r\n<\/a><\/div>","link":"https:\/\/protech.nu\/fi\/tuotekategoria\/ingersoll-rand-iqv20-series\/ingersoll-rand-akkukayttoiset-raikkavaantimet\/","name":"Ingersoll Rand akkuk\u00e4ytt\u00f6iset r\u00e4ikk\u00e4v\u00e4\u00e4ntimet","slug":"ingersoll-rand-akkukayttoiset-raikkavaantimet","taxonomy":"product_cat","parent":122,"meta":[],"menu_order":0,"acf":[],"yoast_head":"<!-- This site is optimized with the Yoast SEO plugin v27.5 - https:\/\/yoast.com\/product\/yoast-seo-wordpress\/ -->\n<title>Ingersoll Rand akkuk\u00e4ytt\u00f6iset r\u00e4ikk\u00e4v\u00e4\u00e4ntimet | IQV20\u2122 20V<\/title>\n<meta name=\"description\" content=\"Ingersoll Rand IQV20\u2122 akkuk\u00e4ytt\u00f6iset r\u00e4ikk\u00e4v\u00e4\u00e4ntimet ammattik\u00e4ytt\u00f6\u00f6n. Kompakti rakenne, tarkka hallinta ja yksi 20V akku koko IQV20\u2122-ty\u00f6kalusarjalle.\" \/>\n<meta name=\"robots\" content=\"index, follow, max-snippet:-1, max-image-preview:large, max-video-preview:-1\" \/>\n<link rel=\"canonical\" href=\"https:\/\/protech.nu\/fi\/tuotekategoria\/ingersoll-rand-iqv20-series\/ingersoll-rand-akkukayttoiset-raikkavaantimet\/\" \/>\n<meta property=\"og:locale\" content=\"fi_FI\" \/>\n<meta property=\"og:type\" content=\"article\" \/>\n<meta property=\"og:title\" content=\"Ingersoll Rand akkuk\u00e4ytt\u00f6iset r\u00e4ikk\u00e4v\u00e4\u00e4ntimet | IQV20\u2122 20V\" \/>\n<meta property=\"og:description\" content=\"Ingersoll Rand IQV20\u2122 akkuk\u00e4ytt\u00f6iset r\u00e4ikk\u00e4v\u00e4\u00e4ntimet ammattik\u00e4ytt\u00f6\u00f6n. Kompakti rakenne, tarkka hallinta ja yksi 20V akku koko IQV20\u2122-ty\u00f6kalusarjalle.\" \/>\n<meta property=\"og:url\" content=\"https:\/\/protech.nu\/fi\/tuotekategoria\/ingersoll-rand-iqv20-series\/ingersoll-rand-akkukayttoiset-raikkavaantimet\/\" \/>\n<meta property=\"og:site_name\" content=\"ProTech\" \/>\n<meta property=\"og:image\" content=\"https:\/\/protech.nu\/wp-content\/uploads\/2026\/02\/ProTech.png\" \/>\n\t<meta property=\"og:image:width\" content=\"1024\" \/>\n\t<meta property=\"og:image:height\" content=\"1024\" \/>\n\t<meta property=\"og:image:type\" content=\"image\/png\" \/>\n<meta name=\"twitter:card\" content=\"summary_large_image\" \/>\n<script type=\"application\/ld+json\" class=\"yoast-schema-graph\">{\"@context\":\"https:\\\/\\\/schema.org\",\"@graph\":[{\"@type\":\"CollectionPage\",\"@id\":\"https:\\\/\\\/protech.nu\\\/fi\\\/tuotekategoria\\\/ingersoll-rand-iqv20-series\\\/ingersoll-rand-akkukayttoiset-raikkavaantimet\\\/\",\"url\":\"https:\\\/\\\/protech.nu\\\/fi\\\/tuotekategoria\\\/ingersoll-rand-iqv20-series\\\/ingersoll-rand-akkukayttoiset-raikkavaantimet\\\/\",\"name\":\"Ingersoll Rand akkuk\u00e4ytt\u00f6iset r\u00e4ikk\u00e4v\u00e4\u00e4ntimet | IQV20\u2122 20V\",\"isPartOf\":{\"@id\":\"https:\\\/\\\/protech.nu\\\/fi\\\/#website\"},\"description\":\"Ingersoll Rand IQV20\u2122 akkuk\u00e4ytt\u00f6iset r\u00e4ikk\u00e4v\u00e4\u00e4ntimet ammattik\u00e4ytt\u00f6\u00f6n. Kompakti rakenne, tarkka hallinta ja yksi 20V akku koko IQV20\u2122-ty\u00f6kalusarjalle.\",\"breadcrumb\":{\"@id\":\"https:\\\/\\\/protech.nu\\\/fi\\\/tuotekategoria\\\/ingersoll-rand-iqv20-series\\\/ingersoll-rand-akkukayttoiset-raikkavaantimet\\\/#breadcrumb\"},\"inLanguage\":\"fi\"},{\"@type\":\"BreadcrumbList\",\"@id\":\"https:\\\/\\\/protech.nu\\\/fi\\\/tuotekategoria\\\/ingersoll-rand-iqv20-series\\\/ingersoll-rand-akkukayttoiset-raikkavaantimet\\\/#breadcrumb\",\"itemListElement\":[{\"@type\":\"ListItem\",\"position\":1,\"name\":\"Etusivu\",\"item\":\"https:\\\/\\\/protech.nu\\\/fi\\\/\"},{\"@type\":\"ListItem\",\"position\":2,\"name\":\"Ingersoll Rand IQV20\u2122 20V akkuty\u00f6kalusarja\",\"item\":\"https:\\\/\\\/protech.nu\\\/fi\\\/tuotekategoria\\\/ingersoll-rand-iqv20-series\\\/\"},{\"@type\":\"ListItem\",\"position\":3,\"name\":\"Ingersoll Rand akkuk\u00e4ytt\u00f6iset r\u00e4ikk\u00e4v\u00e4\u00e4ntimet\"}]},{\"@type\":\"WebSite\",\"@id\":\"https:\\\/\\\/protech.nu\\\/fi\\\/#website\",\"url\":\"https:\\\/\\\/protech.nu\\\/fi\\\/\",\"name\":\"PROTECH\",\"description\":\"\",\"publisher\":{\"@id\":\"https:\\\/\\\/protech.nu\\\/fi\\\/#organization\"},\"potentialAction\":[{\"@type\":\"SearchAction\",\"target\":{\"@type\":\"EntryPoint\",\"urlTemplate\":\"https:\\\/\\\/protech.nu\\\/fi\\\/?s={search_term_string}\"},\"query-input\":{\"@type\":\"PropertyValueSpecification\",\"valueRequired\":true,\"valueName\":\"search_term_string\"}}],\"inLanguage\":\"fi\"},{\"@type\":\"Organization\",\"@id\":\"https:\\\/\\\/protech.nu\\\/fi\\\/#organization\",\"name\":\"MYPOWERTOOLSBOX\",\"alternateName\":\"ProTech\",\"url\":\"https:\\\/\\\/protech.nu\\\/fi\\\/\",\"logo\":{\"@type\":\"ImageObject\",\"inLanguage\":\"fi\",\"@id\":\"https:\\\/\\\/protech.nu\\\/fi\\\/#\\\/schema\\\/logo\\\/image\\\/\",\"url\":\"https:\\\/\\\/2026.protech.nu\\\/wp-content\\\/uploads\\\/2026\\\/02\\\/ProTech.png\",\"contentUrl\":\"https:\\\/\\\/2026.protech.nu\\\/wp-content\\\/uploads\\\/2026\\\/02\\\/ProTech.png\",\"width\":1024,\"height\":1024,\"caption\":\"MYPOWERTOOLSBOX\"},\"image\":{\"@id\":\"https:\\\/\\\/protech.nu\\\/fi\\\/#\\\/schema\\\/logo\\\/image\\\/\"},\"sameAs\":[\"https:\\\/\\\/www.facebook.com\\\/Protech.nu\\\/\",\"https:\\\/\\\/www.instagram.com\\\/protech_sweden\\\/\",\"https:\\\/\\\/www.linkedin.com\\\/company\\\/protech-professional-technologies-sweden-ab\\\/\",\"https:\\\/\\\/www.youtube.com\\\/@Protech_nu\"]}]}<\/script>\n<!-- \/ Yoast SEO plugin. -->","yoast_head_json":{"title":"Ingersoll Rand akkuk\u00e4ytt\u00f6iset r\u00e4ikk\u00e4v\u00e4\u00e4ntimet | IQV20\u2122 20V","description":"Ingersoll Rand IQV20\u2122 akkuk\u00e4ytt\u00f6iset r\u00e4ikk\u00e4v\u00e4\u00e4ntimet ammattik\u00e4ytt\u00f6\u00f6n. Kompakti rakenne, tarkka hallinta ja yksi 20V akku koko IQV20\u2122-ty\u00f6kalusarjalle.","robots":{"index":"index","follow":"follow","max-snippet":"max-snippet:-1","max-image-preview":"max-image-preview:large","max-video-preview":"max-video-preview:-1"},"canonical":"https:\/\/protech.nu\/fi\/tuotekategoria\/ingersoll-rand-iqv20-series\/ingersoll-rand-akkukayttoiset-raikkavaantimet\/","og_locale":"fi_FI","og_type":"article","og_title":"Ingersoll Rand akkuk\u00e4ytt\u00f6iset r\u00e4ikk\u00e4v\u00e4\u00e4ntimet | IQV20\u2122 20V","og_description":"Ingersoll Rand IQV20\u2122 akkuk\u00e4ytt\u00f6iset r\u00e4ikk\u00e4v\u00e4\u00e4ntimet ammattik\u00e4ytt\u00f6\u00f6n. Kompakti rakenne, tarkka hallinta ja yksi 20V akku koko IQV20\u2122-ty\u00f6kalusarjalle.","og_url":"https:\/\/protech.nu\/fi\/tuotekategoria\/ingersoll-rand-iqv20-series\/ingersoll-rand-akkukayttoiset-raikkavaantimet\/","og_site_name":"ProTech","og_image":[{"width":1024,"height":1024,"url":"https:\/\/protech.nu\/wp-content\/uploads\/2026\/02\/ProTech.png","type":"image\/png"}],"twitter_card":"summary_large_image","schema":{"@context":"https:\/\/schema.org","@graph":[{"@type":"CollectionPage","@id":"https:\/\/protech.nu\/fi\/tuotekategoria\/ingersoll-rand-iqv20-series\/ingersoll-rand-akkukayttoiset-raikkavaantimet\/","url":"https:\/\/protech.nu\/fi\/tuotekategoria\/ingersoll-rand-iqv20-series\/ingersoll-rand-akkukayttoiset-raikkavaantimet\/","name":"Ingersoll Rand akkuk\u00e4ytt\u00f6iset r\u00e4ikk\u00e4v\u00e4\u00e4ntimet | IQV20\u2122 20V","isPartOf":{"@id":"https:\/\/protech.nu\/fi\/#website"},"description":"Ingersoll Rand IQV20\u2122 akkuk\u00e4ytt\u00f6iset r\u00e4ikk\u00e4v\u00e4\u00e4ntimet ammattik\u00e4ytt\u00f6\u00f6n. Kompakti rakenne, tarkka hallinta ja yksi 20V akku koko IQV20\u2122-ty\u00f6kalusarjalle.","breadcrumb":{"@id":"https:\/\/protech.nu\/fi\/tuotekategoria\/ingersoll-rand-iqv20-series\/ingersoll-rand-akkukayttoiset-raikkavaantimet\/#breadcrumb"},"inLanguage":"fi"},{"@type":"BreadcrumbList","@id":"https:\/\/protech.nu\/fi\/tuotekategoria\/ingersoll-rand-iqv20-series\/ingersoll-rand-akkukayttoiset-raikkavaantimet\/#breadcrumb","itemListElement":[{"@type":"ListItem","position":1,"name":"Etusivu","item":"https:\/\/protech.nu\/fi\/"},{"@type":"ListItem","position":2,"name":"Ingersoll Rand IQV20\u2122 20V akkuty\u00f6kalusarja","item":"https:\/\/protech.nu\/fi\/tuotekategoria\/ingersoll-rand-iqv20-series\/"},{"@type":"ListItem","position":3,"name":"Ingersoll Rand akkuk\u00e4ytt\u00f6iset r\u00e4ikk\u00e4v\u00e4\u00e4ntimet"}]},{"@type":"WebSite","@id":"https:\/\/protech.nu\/fi\/#website","url":"https:\/\/protech.nu\/fi\/","name":"PROTECH","description":"","publisher":{"@id":"https:\/\/protech.nu\/fi\/#organization"},"potentialAction":[{"@type":"SearchAction","target":{"@type":"EntryPoint","urlTemplate":"https:\/\/protech.nu\/fi\/?s={search_term_string}"},"query-input":{"@type":"PropertyValueSpecification","valueRequired":true,"valueName":"search_term_string"}}],"inLanguage":"fi"},{"@type":"Organization","@id":"https:\/\/protech.nu\/fi\/#organization","name":"MYPOWERTOOLSBOX","alternateName":"ProTech","url":"https:\/\/protech.nu\/fi\/","logo":{"@type":"ImageObject","inLanguage":"fi","@id":"https:\/\/protech.nu\/fi\/#\/schema\/logo\/image\/","url":"https:\/\/2026.protech.nu\/wp-content\/uploads\/2026\/02\/ProTech.png","contentUrl":"https:\/\/2026.protech.nu\/wp-content\/uploads\/2026\/02\/ProTech.png","width":1024,"height":1024,"caption":"MYPOWERTOOLSBOX"},"image":{"@id":"https:\/\/protech.nu\/fi\/#\/schema\/logo\/image\/"},"sameAs":["https:\/\/www.facebook.com\/Protech.nu\/","https:\/\/www.instagram.com\/protech_sweden\/","https:\/\/www.linkedin.com\/company\/protech-professional-technologies-sweden-ab\/","https:\/\/www.youtube.com\/@Protech_nu"]}]}},"_links":{"self":[{"href":"https:\/\/protech.nu\/fi\/wp-json\/wp\/v2\/product_cat\/233","targetHints":{"allow":["GET"]}}],"collection":[{"href":"https:\/\/protech.nu\/fi\/wp-json\/wp\/v2\/product_cat"}],"about":[{"href":"https:\/\/protech.nu\/fi\/wp-json\/wp\/v2\/taxonomies\/product_cat"}],"up":[{"embeddable":true,"href":"https:\/\/protech.nu\/fi\/wp-json\/wp\/v2\/product_cat\/122"}],"wp:post_type":[{"href":"https:\/\/protech.nu\/fi\/wp-json\/wp\/v2\/product?product_cat=233"}],"curies":[{"name":"wp","href":"https:\/\/api.w.org\/{rel}","templated":true}]}}